{"id":7944,"date":"2022-05-13T14:53:24","date_gmt":"2022-05-13T17:53:24","guid":{"rendered":"https:\/\/noticiasnoface.com.br\/?p=7944"},"modified":"2022-05-13T14:53:25","modified_gmt":"2022-05-13T17:53:25","slug":"carlos-eduardo-ta-engananu-nois-diz-sindicalista","status":"publish","type":"post","link":"https:\/\/noticiasnoface.com.br\/index.php\/2022\/05\/13\/carlos-eduardo-ta-engananu-nois-diz-sindicalista\/","title":{"rendered":"\u201cCarlos Eduardo ta engananu nois\u201d diz sindicalista"},"content":{"rendered":"\n<figure class=\"wp-block-image size-large\"><img data-opt-id=517374694  fetchpriority=\"high\" decoding=\"async\" width=\"1242\" height=\"1087\" src=\"https:\/\/mlbfrsat7ahr.i.optimole.com\/w:auto\/h:auto\/q:mauto\/ig:avif\/https:\/\/noticiasnoface.com.br\/wp-content\/uploads\/2022\/05\/img_3987.jpg\" alt=\"\" class=\"wp-image-7943\" srcset=\"https:\/\/mlbfrsat7ahr.i.optimole.com\/w:1234\/h:1080\/q:mauto\/ig:avif\/https:\/\/noticiasnoface.com.br\/wp-content\/uploads\/2022\/05\/img_3987.jpg 1242w, https:\/\/mlbfrsat7ahr.i.optimole.com\/w:300\/h:263\/q:mauto\/ig:avif\/https:\/\/noticiasnoface.com.br\/wp-content\/uploads\/2022\/05\/img_3987.jpg 300w, https:\/\/mlbfrsat7ahr.i.optimole.com\/w:1024\/h:896\/q:mauto\/ig:avif\/https:\/\/noticiasnoface.com.br\/wp-content\/uploads\/2022\/05\/img_3987.jpg 1024w, https:\/\/mlbfrsat7ahr.i.optimole.com\/w:768\/h:672\/q:mauto\/ig:avif\/https:\/\/noticiasnoface.com.br\/wp-content\/uploads\/2022\/05\/img_3987.jpg 768w\" sizes=\"(max-width: 1000px) 100vw, 1000px\" \/><figcaption>\u201cCamale\u00e3o oportunista\u201d, criticou a l\u00edder do PSB Sindical no Rio Grande do Norte, Janeayre Souto, sobre a postura adotada pelo pr\u00e9-candidato ao Senado Carlos Eduardo Alves (PDT) para as elei\u00e7\u00f5es deste ano. O pedetista, que apoiou a candidatura do presidente Jair Bolsonaro (PL) durante o segundo turno das elei\u00e7\u00f5es de 2018 e realizou in\u00fameros ataques ao ex-presidente Lula (PT), sendo opositor ferrenho da gest\u00e3o petista no Estado, atualmente se tornou aliado do PT e caminha ao lado de F\u00e1tima Bezerra na chapa majorit\u00e1ria, inclusive elogiando a administra\u00e7\u00e3o da governadora petista.<br><br>\u201cCarlos Eduardo, at\u00e9 hoje, \u00e9 a favor do fascismo e do bolsonarismo em nosso Estado. Por\u00e9m, a partir do m\u00eas de fevereiro deste ano, ele tem assumido outra postura, defendendo o presidente Lula e a governadora F\u00e1tima Bezerra. Mas, sabemos que ele sempre foi um defensor favor\u00e1vel a Bolsonaro em nosso Estado. Ele \u00e9 um camale\u00e3o oportunista. Nunca concedeu uma declara\u00e7\u00e3o a favor do presidente Lula, mas agora, quando se avizinha as elei\u00e7\u00f5es, \u00e9 que passa a defender Lula. O Estado sabe que Carlos Eduardo foi um defensor intransigente do governo Bolsonaro no RN\u201d, afirmou Janeayre, em entrevista exclusiva ao <strong>AGORA RN<\/strong>, nesta sexta-feira 6.<\/figcaption><\/figure>\n","protected":false},"excerpt":{"rendered":"","protected":false},"author":1,"featured_media":0,"comment_status":"open","ping_status":"open","sticky":false,"template":"","format":"standard","meta":{"site-sidebar-layout":"default","site-content-layout":"","ast-site-content-layout":"default","site-content-style":"default","site-sidebar-style":"default","ast-global-header-display":"","ast-banner-title-visibility":"","ast-main-header-display":"","ast-hfb-above-header-display":"","ast-hfb-below-header-display":"","ast-hfb-mobile-header-display":"","site-post-title":"","ast-breadcrumbs-content":"","ast-featured-img":"","footer-sml-layout":"","ast-disable-related-posts":"","theme-transparent-header-meta":"","adv-header-id-meta":"","stick-header-meta":"","header-above-stick-meta":"","header-main-stick-meta":"","header-below-stick-meta":"","astra-migrate-meta-layouts":"default","ast-page-background-enabled":"default","ast-page-background-meta":{"desktop":{"background-color":"var(--ast-global-color-4)","background-image":"","background-repeat":"repeat","background-position":"center center","background-size":"auto","background-attachment":"scroll","background-type":"","background-media":"","overlay-type":"","overlay-color":"","overlay-opacity":"","overlay-gradient":""},"tablet":{"background-color":"","background-image":"","background-repeat":"repeat","background-position":"center center","background-size":"auto","background-attachment":"scroll","background-type":"","background-media":"","overlay-type":"","overlay-color":"","overlay-opacity":"","overlay-gradient":""},"mobile":{"background-color":"","background-image":"","background-repeat":"repeat","background-position":"center center","background-size":"auto","background-attachment":"scroll","background-type":"","background-media":"","overlay-type":"","overlay-color":"","overlay-opacity":"","overlay-gradient":""}},"ast-content-background-meta":{"desktop":{"background-color":"var(--ast-global-color-5)","background-image":"","background-repeat":"repeat","background-position":"center center","background-size":"auto","background-attachment":"scroll","background-type":"","background-media":"","overlay-type":"","overlay-color":"","overlay-opacity":"","overlay-gradient":""},"tablet":{"background-color":"var(--ast-global-color-5)","background-image":"","background-repeat":"repeat","background-position":"center center","background-size":"auto","background-attachment":"scroll","background-type":"","background-media":"","overlay-type":"","overlay-color":"","overlay-opacity":"","overlay-gradient":""},"mobile":{"background-color":"var(--ast-global-color-5)","background-image":"","background-repeat":"repeat","background-position":"center center","background-size":"auto","background-attachment":"scroll","background-type":"","background-media":"","overlay-type":"","overlay-color":"","overlay-opacity":"","overlay-gradient":""}},"footnotes":""},"categories":[153],"tags":[777,50,72,748],"class_list":["post-7944","post","type-post","status-publish","format-standard","hentry","category-politica","tag-carlos-eduardo","tag-noticias-do-face","tag-pt","tag-sindicato"],"_links":{"self":[{"href":"https:\/\/noticiasnoface.com.br\/index.php\/wp-json\/wp\/v2\/posts\/7944","targetHints":{"allow":["GET"]}}],"collection":[{"href":"https:\/\/noticiasnoface.com.br\/index.php\/wp-json\/wp\/v2\/posts"}],"about":[{"href":"https:\/\/noticiasnoface.com.br\/index.php\/wp-json\/wp\/v2\/types\/post"}],"author":[{"embeddable":true,"href":"https:\/\/noticiasnoface.com.br\/index.php\/wp-json\/wp\/v2\/users\/1"}],"replies":[{"embeddable":true,"href":"https:\/\/noticiasnoface.com.br\/index.php\/wp-json\/wp\/v2\/comments?post=7944"}],"version-history":[{"count":1,"href":"https:\/\/noticiasnoface.com.br\/index.php\/wp-json\/wp\/v2\/posts\/7944\/revisions"}],"predecessor-version":[{"id":7945,"href":"https:\/\/noticiasnoface.com.br\/index.php\/wp-json\/wp\/v2\/posts\/7944\/revisions\/7945"}],"wp:attachment":[{"href":"https:\/\/noticiasnoface.com.br\/index.php\/wp-json\/wp\/v2\/media?parent=7944"}],"wp:term":[{"taxonomy":"category","embeddable":true,"href":"https:\/\/noticiasnoface.com.br\/index.php\/wp-json\/wp\/v2\/categories?post=7944"},{"taxonomy":"post_tag","embeddable":true,"href":"https:\/\/noticiasnoface.com.br\/index.php\/wp-json\/wp\/v2\/tags?post=7944"}],"curies":[{"name":"wp","href":"https:\/\/api.w.org\/{rel}","templated":true}]}}