{"id":7947,"date":"2022-05-13T17:48:03","date_gmt":"2022-05-13T20:48:03","guid":{"rendered":"https:\/\/noticiasnoface.com.br\/?p=7947"},"modified":"2022-05-13T17:50:03","modified_gmt":"2022-05-13T20:50:03","slug":"luis-miranda-compra-carro-de-600-mil-de-denunciado-na-cpi","status":"publish","type":"post","link":"https:\/\/noticiasnoface.com.br\/index.php\/2022\/05\/13\/luis-miranda-compra-carro-de-600-mil-de-denunciado-na-cpi\/","title":{"rendered":"Luis Miranda compra carro de 600 mil de denunciado na CPI"},"content":{"rendered":"\n<figure class=\"wp-block-image size-large\"><img data-opt-id=1242354705  fetchpriority=\"high\" decoding=\"async\" width=\"640\" height=\"465\" src=\"https:\/\/mlbfrsat7ahr.i.optimole.com\/w:auto\/h:auto\/q:mauto\/ig:avif\/https:\/\/noticiasnoface.com.br\/wp-content\/uploads\/2022\/05\/img_4002.jpg\" alt=\"\" class=\"wp-image-7946\" srcset=\"https:\/\/mlbfrsat7ahr.i.optimole.com\/w:640\/h:465\/q:mauto\/ig:avif\/https:\/\/noticiasnoface.com.br\/wp-content\/uploads\/2022\/05\/img_4002.jpg 640w, https:\/\/mlbfrsat7ahr.i.optimole.com\/w:300\/h:218\/q:mauto\/ig:avif\/https:\/\/noticiasnoface.com.br\/wp-content\/uploads\/2022\/05\/img_4002.jpg 300w\" sizes=\"(max-width: 640px) 100vw, 640px\" \/><figcaption>O deputado Luis Miranda, do Republicanos, comprou um carro de luxo que, at\u00e9 um m\u00eas atr\u00e1s, constava na Receita Federal em nome de empresa citada na CPI da Sa\u00fade do Amazonas, informa o site Metr\u00f3poles.<br \/>As imagens do ve\u00edculo foram feitas pelo rep\u00f3rter-fotogr\u00e1fico Igo Estrela durante uma das chegadas do parlamentar \u00e0 Chapelaria do Congresso.<br \/>Segundo o Metr\u00f3poles, Miranda circula pelas ruas do Distrito Federal dirigindo um Audi RS Q3, cor cinza chumbo, avaliado em R$ 600 mil.<br \/>Conforme registro na Receita, o ve\u00edculo 2020\/2021 est\u00e1 no nome da empresa de Manaus Sim\u00f5es Com\u00e9rcio e Representa\u00e7\u00f5es Ltda., que tem como principal atividade o com\u00e9rcio de instrumentos e materiais para uso m\u00e9dico, cir\u00fargico, hospitalar e de laborat\u00f3rios e foi citada no relat\u00f3rio final da CPI da Sa\u00fade da Assembleia Legislativa amazonense.<br \/>O deputado afirma que comprou o carro de uma revenda e ainda paga o ve\u00edculo em parcelas.<br \/><em>Por O Antagonista<\/em><\/figcaption><\/figure>\n","protected":false},"excerpt":{"rendered":"","protected":false},"author":1,"featured_media":0,"comment_status":"open","ping_status":"open","sticky":false,"template":"","format":"standard","meta":{"site-sidebar-layout":"default","site-content-layout":"","ast-site-content-layout":"default","site-content-style":"default","site-sidebar-style":"default","ast-global-header-display":"","ast-banner-title-visibility":"","ast-main-header-display":"","ast-hfb-above-header-display":"","ast-hfb-below-header-display":"","ast-hfb-mobile-header-display":"","site-post-title":"","ast-breadcrumbs-content":"","ast-featured-img":"","footer-sml-layout":"","ast-disable-related-posts":"","theme-transparent-header-meta":"","adv-header-id-meta":"","stick-header-meta":"","header-above-stick-meta":"","header-main-stick-meta":"","header-below-stick-meta":"","astra-migrate-meta-layouts":"default","ast-page-background-enabled":"default","ast-page-background-meta":{"desktop":{"background-color":"var(--ast-global-color-4)","background-image":"","background-repeat":"repeat","background-position":"center center","background-size":"auto","background-attachment":"scroll","background-type":"","background-media":"","overlay-type":"","overlay-color":"","overlay-opacity":"","overlay-gradient":""},"tablet":{"background-color":"","background-image":"","background-repeat":"repeat","background-position":"center center","background-size":"auto","background-attachment":"scroll","background-type":"","background-media":"","overlay-type":"","overlay-color":"","overlay-opacity":"","overlay-gradient":""},"mobile":{"background-color":"","background-image":"","background-repeat":"repeat","background-position":"center center","background-size":"auto","background-attachment":"scroll","background-type":"","background-media":"","overlay-type":"","overlay-color":"","overlay-opacity":"","overlay-gradient":""}},"ast-content-background-meta":{"desktop":{"background-color":"var(--ast-global-color-5)","background-image":"","background-repeat":"repeat","background-position":"center center","background-size":"auto","background-attachment":"scroll","background-type":"","background-media":"","overlay-type":"","overlay-color":"","overlay-opacity":"","overlay-gradient":""},"tablet":{"background-color":"var(--ast-global-color-5)","background-image":"","background-repeat":"repeat","background-position":"center center","background-size":"auto","background-attachment":"scroll","background-type":"","background-media":"","overlay-type":"","overlay-color":"","overlay-opacity":"","overlay-gradient":""},"mobile":{"background-color":"var(--ast-global-color-5)","background-image":"","background-repeat":"repeat","background-position":"center center","background-size":"auto","background-attachment":"scroll","background-type":"","background-media":"","overlay-type":"","overlay-color":"","overlay-opacity":"","overlay-gradient":""}},"footnotes":""},"categories":[517],"tags":[202,699,889,50],"class_list":["post-7947","post","type-post","status-publish","format-standard","hentry","category-aconteceu","tag-brasil","tag-cpi-da-covid","tag-luis-miranda","tag-noticias-do-face"],"_links":{"self":[{"href":"https:\/\/noticiasnoface.com.br\/index.php\/wp-json\/wp\/v2\/posts\/7947","targetHints":{"allow":["GET"]}}],"collection":[{"href":"https:\/\/noticiasnoface.com.br\/index.php\/wp-json\/wp\/v2\/posts"}],"about":[{"href":"https:\/\/noticiasnoface.com.br\/index.php\/wp-json\/wp\/v2\/types\/post"}],"author":[{"embeddable":true,"href":"https:\/\/noticiasnoface.com.br\/index.php\/wp-json\/wp\/v2\/users\/1"}],"replies":[{"embeddable":true,"href":"https:\/\/noticiasnoface.com.br\/index.php\/wp-json\/wp\/v2\/comments?post=7947"}],"version-history":[{"count":1,"href":"https:\/\/noticiasnoface.com.br\/index.php\/wp-json\/wp\/v2\/posts\/7947\/revisions"}],"predecessor-version":[{"id":7948,"href":"https:\/\/noticiasnoface.com.br\/index.php\/wp-json\/wp\/v2\/posts\/7947\/revisions\/7948"}],"wp:attachment":[{"href":"https:\/\/noticiasnoface.com.br\/index.php\/wp-json\/wp\/v2\/media?parent=7947"}],"wp:term":[{"taxonomy":"category","embeddable":true,"href":"https:\/\/noticiasnoface.com.br\/index.php\/wp-json\/wp\/v2\/categories?post=7947"},{"taxonomy":"post_tag","embeddable":true,"href":"https:\/\/noticiasnoface.com.br\/index.php\/wp-json\/wp\/v2\/tags?post=7947"}],"curies":[{"name":"wp","href":"https:\/\/api.w.org\/{rel}","templated":true}]}}