{"id":7961,"date":"2022-05-14T07:24:23","date_gmt":"2022-05-14T10:24:23","guid":{"rendered":"https:\/\/noticiasnoface.com.br\/?p=7961"},"modified":"2022-05-14T07:24:23","modified_gmt":"2022-05-14T10:24:23","slug":"homem-salta-de-parapente-e-fica-preso-em-fio-de-alta-tensao-no-rn","status":"publish","type":"post","link":"https:\/\/noticiasnoface.com.br\/index.php\/2022\/05\/14\/homem-salta-de-parapente-e-fica-preso-em-fio-de-alta-tensao-no-rn\/","title":{"rendered":"Homem salta de parapente e fica preso em fio de alta tens\u00e3o no RN"},"content":{"rendered":"\n<figure class=\"wp-block-image size-large\"><img data-opt-id=1355906274  fetchpriority=\"high\" decoding=\"async\" width=\"712\" height=\"571\" src=\"https:\/\/mlbfrsat7ahr.i.optimole.com\/w:auto\/h:auto\/q:mauto\/ig:avif\/https:\/\/noticiasnoface.com.br\/wp-content\/uploads\/2022\/05\/img_4019.jpg\" alt=\"\" class=\"wp-image-7960\" srcset=\"https:\/\/mlbfrsat7ahr.i.optimole.com\/w:712\/h:571\/q:mauto\/ig:avif\/https:\/\/noticiasnoface.com.br\/wp-content\/uploads\/2022\/05\/img_4019.jpg 712w, https:\/\/mlbfrsat7ahr.i.optimole.com\/w:300\/h:241\/q:mauto\/ig:avif\/https:\/\/noticiasnoface.com.br\/wp-content\/uploads\/2022\/05\/img_4019.jpg 300w\" sizes=\"(max-width: 712px) 100vw, 712px\" \/><figcaption>Um homem ficou preso em uma fia\u00e7\u00e3o de alta tens\u00e3o nesta quinta-feira (12) ap\u00f3s realizar um voo de parapente na zona rural de S\u00e3o Jos\u00e9 do Serid\u00f3, no interior do Rio Grande do Norte. <br><br>Por ser um local de dif\u00edcil acesso e muito alto, a corpora\u00e7\u00e3o pediu aux\u00edlio da aeron\u00e1utica e um helic\u00f3ptero da For\u00e7a A\u00e9rea Brasileira (FAB) foi enviado de Recife.<br><br>O homem foi resgatado por volta das 14h, quase oito horas ap\u00f3s iniciar o voo de parapente. Ele estava consciente, est\u00e1vel, mas reclamava de muita sede e fome.<br>O Corpo de Bombeiros estima que ele estivesse a uma altura de 100 metros.<br>Os socorristas precisaram se pendurar em uma corda, conectada ao helic\u00f3ptero, mas tiveram dificuldades para chegar at\u00e9 o parapentista.<br><br><br>De acordo com o Corpo de Bombeiros de Caic\u00f3, o homem come\u00e7ou o voo no in\u00edcio da manh\u00e3, por volta das 6h. Ele teria enfrentado uma ventania, que o tirou da rota inicial e o arremessou contra a fia\u00e7\u00e3o.<br>O parapente, ent\u00e3o, teve as cordas enroladas nos fios e o homem ficou pendurado.<br><br><br>O Corpo de Bombeiros foi acionado, encontrou o homem, mas n\u00e3o conseguiu chegar at\u00e9 ele devido \u00e0 altura. Por isso, solicitou um apoio a\u00e9reo.<br>A rede el\u00e9trica do trecho foi desligada.<br><br><br>Ap\u00f3s o resgate, o parapentista foi colocado em solo e socorrido em uma viatura do Corpo de Bombeiros que seguiu com destino ao munic\u00edpio de Caic\u00f3. Ele foi levado para um hospital da cidade para atendimento, mas estava consciente e est\u00e1vel.<br><strong>G1 RN<\/strong><\/figcaption><\/figure>\n","protected":false},"excerpt":{"rendered":"","protected":false},"author":1,"featured_media":0,"comment_status":"open","ping_status":"open","sticky":false,"template":"","format":"standard","meta":{"site-sidebar-layout":"default","site-content-layout":"","ast-site-content-layout":"default","site-content-style":"default","site-sidebar-style":"default","ast-global-header-display":"","ast-banner-title-visibility":"","ast-main-header-display":"","ast-hfb-above-header-display":"","ast-hfb-below-header-display":"","ast-hfb-mobile-header-display":"","site-post-title":"","ast-breadcrumbs-content":"","ast-featured-img":"","footer-sml-layout":"","ast-disable-related-posts":"","theme-transparent-header-meta":"","adv-header-id-meta":"","stick-header-meta":"","header-above-stick-meta":"","header-main-stick-meta":"","header-below-stick-meta":"","astra-migrate-meta-layouts":"default","ast-page-background-enabled":"default","ast-page-background-meta":{"desktop":{"background-color":"var(--ast-global-color-4)","background-image":"","background-repeat":"repeat","background-position":"center center","background-size":"auto","background-attachment":"scroll","background-type":"","background-media":"","overlay-type":"","overlay-color":"","overlay-opacity":"","overlay-gradient":""},"tablet":{"background-color":"","background-image":"","background-repeat":"repeat","background-position":"center center","background-size":"auto","background-attachment":"scroll","background-type":"","background-media":"","overlay-type":"","overlay-color":"","overlay-opacity":"","overlay-gradient":""},"mobile":{"background-color":"","background-image":"","background-repeat":"repeat","background-position":"center center","background-size":"auto","background-attachment":"scroll","background-type":"","background-media":"","overlay-type":"","overlay-color":"","overlay-opacity":"","overlay-gradient":""}},"ast-content-background-meta":{"desktop":{"background-color":"var(--ast-global-color-5)","background-image":"","background-repeat":"repeat","background-position":"center center","background-size":"auto","background-attachment":"scroll","background-type":"","background-media":"","overlay-type":"","overlay-color":"","overlay-opacity":"","overlay-gradient":""},"tablet":{"background-color":"var(--ast-global-color-5)","background-image":"","background-repeat":"repeat","background-position":"center center","background-size":"auto","background-attachment":"scroll","background-type":"","background-media":"","overlay-type":"","overlay-color":"","overlay-opacity":"","overlay-gradient":""},"mobile":{"background-color":"var(--ast-global-color-5)","background-image":"","background-repeat":"repeat","background-position":"center center","background-size":"auto","background-attachment":"scroll","background-type":"","background-media":"","overlay-type":"","overlay-color":"","overlay-opacity":"","overlay-gradient":""}},"footnotes":""},"categories":[517],"tags":[894,50,22,893,64],"class_list":["post-7961","post","type-post","status-publish","format-standard","hentry","category-aconteceu","tag-alta-tensao","tag-noticias-do-face","tag-noticias-no-face","tag-perigo","tag-rio-grande-do-norte"],"_links":{"self":[{"href":"https:\/\/noticiasnoface.com.br\/index.php\/wp-json\/wp\/v2\/posts\/7961","targetHints":{"allow":["GET"]}}],"collection":[{"href":"https:\/\/noticiasnoface.com.br\/index.php\/wp-json\/wp\/v2\/posts"}],"about":[{"href":"https:\/\/noticiasnoface.com.br\/index.php\/wp-json\/wp\/v2\/types\/post"}],"author":[{"embeddable":true,"href":"https:\/\/noticiasnoface.com.br\/index.php\/wp-json\/wp\/v2\/users\/1"}],"replies":[{"embeddable":true,"href":"https:\/\/noticiasnoface.com.br\/index.php\/wp-json\/wp\/v2\/comments?post=7961"}],"version-history":[{"count":1,"href":"https:\/\/noticiasnoface.com.br\/index.php\/wp-json\/wp\/v2\/posts\/7961\/revisions"}],"predecessor-version":[{"id":7962,"href":"https:\/\/noticiasnoface.com.br\/index.php\/wp-json\/wp\/v2\/posts\/7961\/revisions\/7962"}],"wp:attachment":[{"href":"https:\/\/noticiasnoface.com.br\/index.php\/wp-json\/wp\/v2\/media?parent=7961"}],"wp:term":[{"taxonomy":"category","embeddable":true,"href":"https:\/\/noticiasnoface.com.br\/index.php\/wp-json\/wp\/v2\/categories?post=7961"},{"taxonomy":"post_tag","embeddable":true,"href":"https:\/\/noticiasnoface.com.br\/index.php\/wp-json\/wp\/v2\/tags?post=7961"}],"curies":[{"name":"wp","href":"https:\/\/api.w.org\/{rel}","templated":true}]}}