{"id":7978,"date":"2022-05-14T14:53:49","date_gmt":"2022-05-14T17:53:49","guid":{"rendered":"https:\/\/noticiasnoface.com.br\/?p=7978"},"modified":"2022-05-14T14:53:50","modified_gmt":"2022-05-14T17:53:50","slug":"styvenson-e-candidato","status":"publish","type":"post","link":"https:\/\/noticiasnoface.com.br\/index.php\/2022\/05\/14\/styvenson-e-candidato\/","title":{"rendered":"STYVENSON \u00e9 candidato!"},"content":{"rendered":"\n<figure class=\"wp-block-image size-large\"><img data-opt-id=1030525807  fetchpriority=\"high\" decoding=\"async\" src=\"https:\/\/mlbfrsat7ahr.i.optimole.com\/w:auto\/h:auto\/q:mauto\/ig:avif\/https:\/\/noticiasnoface.com.br\/wp-content\/uploads\/2022\/05\/img_4042.jpg\" alt=\"\" class=\"wp-image-7977\"\/><figcaption>O Podemos j\u00e1 trabalha com 100% de probabilidade de uma candidatura do senador Styvenson Valentim a governador do Rio Grande do Norte, nas elei\u00e7\u00f5es de outubro. Para isso, o presidente estadual do partido, advogado Felipe Madruga, admite ampliar o leque de alian\u00e7as, porque \u201ctirando a governadora do Estado, todos est\u00e3o no mesmo barco da oposi\u00e7\u00e3o\u201d.<br>Pelo fato do senador Styvenson Valentim ser tido como meio arredio a negocia\u00e7\u00f5es pol\u00edticas, o dirigente do Podemos ponderou que o senador \u201cvai acabar entendendo a import\u00e2ncia disso, de aglutinar for\u00e7as pol\u00edticas, sempre com objetivo de valores que n\u00e3o v\u00e3o ser ultrapassados e em prol de recuperar o Rio Grande do Norte\u201d.<br>Felipe Madruga disse em entrevista ao programa \u201cTribuna Livre\u201d, da r\u00e1dio Jovem Pan News, que \u201ca gente tem de fugir um pouco dos nomes, tem de pensar no objetivo maior que \u00e9 recuperar o Rioi Grande do Norte\u201d, admitindo que outros nomes que est\u00e3o sendo cogitados para disputar o Executivo, podem ser uma op\u00e7\u00e3o para a disputa do Senado numa alian\u00e7a com outros partidos de oposi\u00e7\u00e3o.<br>Felipe Madruga argumenta que Styvenson Valentim \u201cest\u00e1 na melhor das situa\u00e7\u00f5es, sem nada a perder, senador no meio do mandato e alta popularidade e pontuando em dois d\u00edgitos nas pesquisas\u201d.<br>Segundo Madruga, a pr\u00e9-candidatura de Valentim \u201c\u00e9 prioridade atemporal no partido pelas condi\u00e7\u00f5es pol\u00edticas que re\u00fane\u201d, mas o Podemos tem quadros para disputar o governo ou a vaga de senador, como o m\u00e9dico Geraldo Pinho, que foi candidato a vereador e \u00e9 o atual secret\u00e1rio geral do partido, al\u00e9m do empres\u00e1rio Afr\u00e2nio Miranda, que disputou a prefeitura de Natal em 2020 e a educadora Francisca Henrique, que concorreu \u00e0 prefeitura de Parnamirim.<br>Felipe Madruga voltou a falar sobre a informa\u00e7\u00e3o de que Valentim n\u00e3o cumpriu todo o processo de filia\u00e7\u00e3o ao PODEMOS, depois de deixar o partido REDE em 2019: \u201cO senador \u00e9 filiado ao PODEMOS, tem atua\u00e7\u00e3o na mesa do Senado Federal, participa\u00e7\u00f5es nas comiss\u00f5es, em todas vota\u00e7\u00f5es de peso e relev\u00e2ncia nacional vem atuando como senador do PODEMOS, com o nome aparecendo no painel de vota\u00e7\u00e3o no Senado\u201d.<br>O presidente do PODEMOS no Estado diz ser \u201cinteressante essa pol\u00eamica aparecer na semana em que o senador consta em segundo lugar como pr\u00e9-candidato ao governo e tentarem desestabilizar dessa forma, vejo por esse lado\u201d.<br>Felipe Madruga lembrou que o senador \u201cfiliou-se com fotografia publicada em jornais nacionais e locais, no p\u00falpito do Senado Federal e com o l\u00edder da bancada ao lado dele, senador \u00c1lvaro Dias (PODE-PR)\u201d.<br>Ele cita \u201ca quantidade de informa\u00e7\u00f5es da atua\u00e7\u00e3o dele pelo PODEMOS, e que chega a ser c\u00f4mico, tentarem puxar esse assunto agora\u201d. Agora, acrescentou, \u201calegam uma eventual irregularidade na listagem de filiados que foi para o Tribunal Superior Eleitoral (TSE)\u201d.<br>\u201cMas tranquilizo os membros do partido, porque \u201ca S\u00famula 20 do TSE vai diretamente nesse sentido sobre prova de filia\u00e7\u00e3o partid\u00e1ria, que pode ser por outros meios, quando existe aus\u00eancia do nome na lista de filiados.<br>Na opini\u00e3o de Madruga, \u201cfalta pouco tempo para as elei\u00e7\u00f5es, nem o senador admite que \u00e9 pr\u00e9-candidato publicamente e de forma expressa, representando mudan\u00e7as que v\u00e3o ser realizadas no Rio Grande do Norte, isso provoca ang\u00fastia em muitos\u201d.<br>Para Madruga, \u201cquem n\u00e3o est\u00e3o tranquilos, s\u00e3o aqueles que est\u00e3o vendo um nome que pode amea\u00e7ar a reelei\u00e7\u00e3o da governadora do Estado, que est\u00e1 com \u00edndice de rejei\u00e7\u00e3o alt\u00edssimo e abriu as portas do governo pra os que antes eram criticados\u201d.<br>J\u00e1 a respeito de declara\u00e7\u00f5es do pr\u00f3prio Styvenson Valentim que estaria incomodado com a possibilidade do primeiro suplente vir a assumir o mandato e n\u00e3o cumprir com seus compromissos assumidos durante o mandato, como o acompanhamento de emendas destinadas ao Estado e aos munic\u00edpios, Felipe Madruga afirmou que \u201cisso demonstra boa-f\u00e9 e preocupa\u00e7\u00e3o dele (Valetim) com o Estado e de o suplente n\u00e3o honrar os compromissos e a linha de atua\u00e7\u00e3o dele\u201d.<br>Por\u00e9m, Madruga declarou que isso tamb\u00e9m \u201cfaz parte do jogo pol\u00edtico, o senador n\u00e3o pode deixar uma miss\u00e3o ainda maior para o Estado, que \u00e9 a de governador, senador tem muita import\u00e2ncia, mas governador \u00e9 de fato quem d\u00e1 o rumo ao Estado por uma situa\u00e7\u00e3o dessa\u201d.<br>Madruga disse, ainda, que o senador \u201ctem de cumprir essa miss\u00e3o e confirmar essa pr\u00e9-candidatura a governador, mas eu n\u00e3o falo por ele, que tem luz pr\u00f3pria e responde pelos pr\u00f3prios atos dele, mas tem condi\u00e7\u00f5es pol\u00edticas de ser candidato ao governo e tocar um projeto alternativo e fazer uma ruptura, que \u00e9 a \u00fanica forma de mudar os rumos do Rio Grande do Norte\u201d.<br><a href=\"http:\/\/www.tribunadonorte.com.br\/noticia\/presidente-do-podemos-diz-que-styvenson-sera-candidato\/538487\" target=\"_blank\" rel=\"noopener\">Tribuna do Norte<\/a><\/figcaption><\/figure>\n","protected":false},"excerpt":{"rendered":"","protected":false},"author":1,"featured_media":0,"comment_status":"open","ping_status":"open","sticky":false,"template":"","format":"standard","meta":{"site-sidebar-layout":"default","site-content-layout":"","ast-site-content-layout":"default","site-content-style":"default","site-sidebar-style":"default","ast-global-header-display":"","ast-banner-title-visibility":"","ast-main-header-display":"","ast-hfb-above-header-display":"","ast-hfb-below-header-display":"","ast-hfb-mobile-header-display":"","site-post-title":"","ast-breadcrumbs-content":"","ast-featured-img":"","footer-sml-layout":"","ast-disable-related-posts":"","theme-transparent-header-meta":"","adv-header-id-meta":"","stick-header-meta":"","header-above-stick-meta":"","header-main-stick-meta":"","header-below-stick-meta":"","astra-migrate-meta-layouts":"default","ast-page-background-enabled":"default","ast-page-background-meta":{"desktop":{"background-color":"var(--ast-global-color-4)","background-image":"","background-repeat":"repeat","background-position":"center center","background-size":"auto","background-attachment":"scroll","background-type":"","background-media":"","overlay-type":"","overlay-color":"","overlay-opacity":"","overlay-gradient":""},"tablet":{"background-color":"","background-image":"","background-repeat":"repeat","background-position":"center center","background-size":"auto","background-attachment":"scroll","background-type":"","background-media":"","overlay-type":"","overlay-color":"","overlay-opacity":"","overlay-gradient":""},"mobile":{"background-color":"","background-image":"","background-repeat":"repeat","background-position":"center center","background-size":"auto","background-attachment":"scroll","background-type":"","background-media":"","overlay-type":"","overlay-color":"","overlay-opacity":"","overlay-gradient":""}},"ast-content-background-meta":{"desktop":{"background-color":"var(--ast-global-color-5)","background-image":"","background-repeat":"repeat","background-position":"center center","background-size":"auto","background-attachment":"scroll","background-type":"","background-media":"","overlay-type":"","overlay-color":"","overlay-opacity":"","overlay-gradient":""},"tablet":{"background-color":"var(--ast-global-color-5)","background-image":"","background-repeat":"repeat","background-position":"center center","background-size":"auto","background-attachment":"scroll","background-type":"","background-media":"","overlay-type":"","overlay-color":"","overlay-opacity":"","overlay-gradient":""},"mobile":{"background-color":"var(--ast-global-color-5)","background-image":"","background-repeat":"repeat","background-position":"center center","background-size":"auto","background-attachment":"scroll","background-type":"","background-media":"","overlay-type":"","overlay-color":"","overlay-opacity":"","overlay-gradient":""}},"footnotes":""},"categories":[517],"tags":[192,120,50,366,653],"class_list":["post-7978","post","type-post","status-publish","format-standard","hentry","category-aconteceu","tag-eleicoes-2022","tag-governo-do-estado","tag-noticias-do-face","tag-podemos","tag-senador-styvenson"],"_links":{"self":[{"href":"https:\/\/noticiasnoface.com.br\/index.php\/wp-json\/wp\/v2\/posts\/7978","targetHints":{"allow":["GET"]}}],"collection":[{"href":"https:\/\/noticiasnoface.com.br\/index.php\/wp-json\/wp\/v2\/posts"}],"about":[{"href":"https:\/\/noticiasnoface.com.br\/index.php\/wp-json\/wp\/v2\/types\/post"}],"author":[{"embeddable":true,"href":"https:\/\/noticiasnoface.com.br\/index.php\/wp-json\/wp\/v2\/users\/1"}],"replies":[{"embeddable":true,"href":"https:\/\/noticiasnoface.com.br\/index.php\/wp-json\/wp\/v2\/comments?post=7978"}],"version-history":[{"count":1,"href":"https:\/\/noticiasnoface.com.br\/index.php\/wp-json\/wp\/v2\/posts\/7978\/revisions"}],"predecessor-version":[{"id":7979,"href":"https:\/\/noticiasnoface.com.br\/index.php\/wp-json\/wp\/v2\/posts\/7978\/revisions\/7979"}],"wp:attachment":[{"href":"https:\/\/noticiasnoface.com.br\/index.php\/wp-json\/wp\/v2\/media?parent=7978"}],"wp:term":[{"taxonomy":"category","embeddable":true,"href":"https:\/\/noticiasnoface.com.br\/index.php\/wp-json\/wp\/v2\/categories?post=7978"},{"taxonomy":"post_tag","embeddable":true,"href":"https:\/\/noticiasnoface.com.br\/index.php\/wp-json\/wp\/v2\/tags?post=7978"}],"curies":[{"name":"wp","href":"https:\/\/api.w.org\/{rel}","templated":true}]}}