{"id":7989,"date":"2022-05-15T00:38:59","date_gmt":"2022-05-15T03:38:59","guid":{"rendered":"https:\/\/noticiasnoface.com.br\/?p=7989"},"modified":"2022-05-15T00:38:59","modified_gmt":"2022-05-15T03:38:59","slug":"senadores-do-pt-foram-beneficiados-pelo-tal-orcamento-secreto","status":"publish","type":"post","link":"https:\/\/noticiasnoface.com.br\/index.php\/2022\/05\/15\/senadores-do-pt-foram-beneficiados-pelo-tal-orcamento-secreto\/","title":{"rendered":"Senadores do PT foram  beneficiados pelo tal or\u00e7amento secreto"},"content":{"rendered":"\n<figure class=\"wp-block-image size-large\"><img data-opt-id=108173856  fetchpriority=\"high\" decoding=\"async\" src=\"https:\/\/mlbfrsat7ahr.i.optimole.com\/w:auto\/h:auto\/q:mauto\/ig:avif\/https:\/\/noticiasnoface.com.br\/wp-content\/uploads\/2022\/05\/img_4091.jpg\" alt=\"\" class=\"wp-image-7988\"\/><figcaption>Of\u00edcios enviados pelo Senado Federal e Congresso Nacional ao STF (Supremo Tribunal Federal) na noite de ontem mostraram que tr\u00eas senadores do PT (Partido dos Trabalhadores) est\u00e3o entre os parlamentares que destinaram repasses de emendas do \u201cor\u00e7amentos secreto\u201d, um tipo de emenda parlamentar que viabiliza o envio de recursos p\u00fablicos a redutos eleitorais.<br>Os senadores da sigla s\u00e3o que aparecem no relat\u00f3rio s\u00e3o Fabiano Contarato (ES), Humberto Costa (PE) e Rog\u00e9rio Carvalho (SE). A medida \u00e9 criticada frequentemente pelo partido e demais siglas de oposi\u00e7\u00e3o ao governo de Jair Bolsonaro (PL).<br>De acordo com o site Metr\u00f3poles, Contarato solicitou o repasse de R$ 19 milh\u00f5es para a Secretaria de Estado da Sa\u00fade do Esp\u00edrito Santo e R$ 1 milh\u00e3o para o Hucam (Hospital Universit\u00e1rio Cassiano Antonio Moraes), da Ufes (Universidade Federal do estado), em Vit\u00f3ria. Contarato deixou a Rede e se filiou ao PT em dezembro de 2021 ap\u00f3s ser convidado pelo ex-presidente Luiz In\u00e1cio Lula da Silva (PT).<br>Em nota enviada ao UOL, Contarato afirma que o recurso de R$ 19 milh\u00f5es \u201cfoi destinado integralmente \u00e0 Sa\u00fade no Esp\u00edrito Santo durante o per\u00edodo de calamidade p\u00fablica da pandemia, via Fundo Estadual de Sa\u00fade do governo do Estado, para socorrer a popula\u00e7\u00e3o capixaba por meio de a\u00e7\u00f5es de combate \u00e0 emerg\u00eancia sanit\u00e1ria da Covid-19. No momento em que o recurso foi oferecido para ajudar a Sa\u00fade do Estado do Esp\u00edrito Santo, eu n\u00e3o tinha conhecimento de que se tratava de \u2018emenda de relator&#8217;\u201d.<br>Ainda segundo o senador, \u201cn\u00e3o chegou a ser empenhada a indica\u00e7\u00e3o de R$ 1 milh\u00e3o destinada \u00e0 assist\u00eancia hospitalar e ambulatorial\u201d do Hucam, pois o hospital \u201cn\u00e3o preencheu a tempo a proposta\u201d.<br><strong>Humberto Costa e Rog\u00e9rio Carvalho<\/strong><br>Com indica\u00e7\u00f5es em duas situa\u00e7\u00f5es, o senador Humberto Costa declarou ter solicitado o repasse de R$ 15 milh\u00f5es, sendo liberados R$ 3,413 milh\u00f5es em recursos, segundo ele, para demandas relacionadas \u00e0 sa\u00fade em 14 cidades de Pernambuco. O outro pedido do parlamentar teria sido a indica\u00e7\u00e3o do repasse de R$ 12 milh\u00f5es para a aquisi\u00e7\u00e3o de m\u00e1quinas agr\u00edcolas, por\u00e9m ele apontou que o valor n\u00e3o teve libera\u00e7\u00e3o para o repasse.<br>Costa declarou que na \u00e9poca dos pedidos ainda n\u00e3o tinha conhecimento das problem\u00e1ticas em torno do \u201cor\u00e7amento secreto\u201d, vindas a p\u00fablico ap\u00f3s a reportagem do jornal O Estado de S.Paulo.<br>\u201cAt\u00e9 aquela ocasi\u00e3o, n\u00e3o havia conhecimento da maior parte dos congressistas sobre essa inusitada caracter\u00edstica, a dizer mais, a oposi\u00e7\u00e3o e quem n\u00e3o detinha cargos no atual governo e n\u00e3o compunha a Comiss\u00e3o Mista de Planos Or\u00e7amentos P\u00fablicos e Fiscaliza\u00e7\u00e3o-CMO, tampouco teria quaisquer possibilidade de ter ci\u00eancia dessa \u2018inova\u00e7\u00e3o or\u00e7ament\u00e1ria\u2019, como \u00e9 o caso desse parlamentar\u201d, alegou Costa.<br>J\u00e1 Rog\u00e9rio Carvalho tamb\u00e9m citou no documento a sua indica\u00e7\u00e3o para duas emendas de relator, no entanto, n\u00e3o informou quais seriam os valores dos repasses solicitados.<\/figcaption><\/figure>\n","protected":false},"excerpt":{"rendered":"","protected":false},"author":1,"featured_media":0,"comment_status":"open","ping_status":"open","sticky":false,"template":"","format":"standard","meta":{"site-sidebar-layout":"default","site-content-layout":"","ast-site-content-layout":"default","site-content-style":"default","site-sidebar-style":"default","ast-global-header-display":"","ast-banner-title-visibility":"","ast-main-header-display":"","ast-hfb-above-header-display":"","ast-hfb-below-header-display":"","ast-hfb-mobile-header-display":"","site-post-title":"","ast-breadcrumbs-content":"","ast-featured-img":"","footer-sml-layout":"","ast-disable-related-posts":"","theme-transparent-header-meta":"","adv-header-id-meta":"","stick-header-meta":"","header-above-stick-meta":"","header-main-stick-meta":"","header-below-stick-meta":"","astra-migrate-meta-layouts":"default","ast-page-background-enabled":"default","ast-page-background-meta":{"desktop":{"background-color":"var(--ast-global-color-4)","background-image":"","background-repeat":"repeat","background-position":"center center","background-size":"auto","background-attachment":"scroll","background-type":"","background-media":"","overlay-type":"","overlay-color":"","overlay-opacity":"","overlay-gradient":""},"tablet":{"background-color":"","background-image":"","background-repeat":"repeat","background-position":"center center","background-size":"auto","background-attachment":"scroll","background-type":"","background-media":"","overlay-type":"","overlay-color":"","overlay-opacity":"","overlay-gradient":""},"mobile":{"background-color":"","background-image":"","background-repeat":"repeat","background-position":"center center","background-size":"auto","background-attachment":"scroll","background-type":"","background-media":"","overlay-type":"","overlay-color":"","overlay-opacity":"","overlay-gradient":""}},"ast-content-background-meta":{"desktop":{"background-color":"var(--ast-global-color-5)","background-image":"","background-repeat":"repeat","background-position":"center center","background-size":"auto","background-attachment":"scroll","background-type":"","background-media":"","overlay-type":"","overlay-color":"","overlay-opacity":"","overlay-gradient":""},"tablet":{"background-color":"var(--ast-global-color-5)","background-image":"","background-repeat":"repeat","background-position":"center center","background-size":"auto","background-attachment":"scroll","background-type":"","background-media":"","overlay-type":"","overlay-color":"","overlay-opacity":"","overlay-gradient":""},"mobile":{"background-color":"var(--ast-global-color-5)","background-image":"","background-repeat":"repeat","background-position":"center center","background-size":"auto","background-attachment":"scroll","background-type":"","background-media":"","overlay-type":"","overlay-color":"","overlay-opacity":"","overlay-gradient":""}},"footnotes":""},"categories":[408],"tags":[202,395,50,22,904,72],"class_list":["post-7989","post","type-post","status-publish","format-standard","hentry","category-congresso-nacional","tag-brasil","tag-congresso-nacional","tag-noticias-do-face","tag-noticias-no-face","tag-orcamento","tag-pt"],"_links":{"self":[{"href":"https:\/\/noticiasnoface.com.br\/index.php\/wp-json\/wp\/v2\/posts\/7989","targetHints":{"allow":["GET"]}}],"collection":[{"href":"https:\/\/noticiasnoface.com.br\/index.php\/wp-json\/wp\/v2\/posts"}],"about":[{"href":"https:\/\/noticiasnoface.com.br\/index.php\/wp-json\/wp\/v2\/types\/post"}],"author":[{"embeddable":true,"href":"https:\/\/noticiasnoface.com.br\/index.php\/wp-json\/wp\/v2\/users\/1"}],"replies":[{"embeddable":true,"href":"https:\/\/noticiasnoface.com.br\/index.php\/wp-json\/wp\/v2\/comments?post=7989"}],"version-history":[{"count":1,"href":"https:\/\/noticiasnoface.com.br\/index.php\/wp-json\/wp\/v2\/posts\/7989\/revisions"}],"predecessor-version":[{"id":7990,"href":"https:\/\/noticiasnoface.com.br\/index.php\/wp-json\/wp\/v2\/posts\/7989\/revisions\/7990"}],"wp:attachment":[{"href":"https:\/\/noticiasnoface.com.br\/index.php\/wp-json\/wp\/v2\/media?parent=7989"}],"wp:term":[{"taxonomy":"category","embeddable":true,"href":"https:\/\/noticiasnoface.com.br\/index.php\/wp-json\/wp\/v2\/categories?post=7989"},{"taxonomy":"post_tag","embeddable":true,"href":"https:\/\/noticiasnoface.com.br\/index.php\/wp-json\/wp\/v2\/tags?post=7989"}],"curies":[{"name":"wp","href":"https:\/\/api.w.org\/{rel}","templated":true}]}}