{"id":8186,"date":"2022-05-18T11:17:20","date_gmt":"2022-05-18T14:17:20","guid":{"rendered":"https:\/\/noticiasnoface.com.br\/?p=8186"},"modified":"2022-05-18T11:38:49","modified_gmt":"2022-05-18T14:38:49","slug":"julio-cesar-vai-trair-a-todos","status":"publish","type":"post","link":"https:\/\/noticiasnoface.com.br\/index.php\/2022\/05\/18\/julio-cesar-vai-trair-a-todos\/","title":{"rendered":"J\u00falio C\u00e9sar vai trair a todos?"},"content":{"rendered":"\n<figure class=\"wp-block-image size-large\"><img data-opt-id=976841589  fetchpriority=\"high\" decoding=\"async\" src=\"https:\/\/mlbfrsat7ahr.i.optimole.com\/w:auto\/h:auto\/q:mauto\/ig:avif\/https:\/\/noticiasnoface.com.br\/wp-content\/uploads\/2022\/05\/photo-output-1-9.jpg\" alt=\"\" class=\"wp-image-8189\"\/><figcaption>O que aconteceu com o prefeito J\u00falio C\u00e9sar de Cear\u00e1 Mirim? Passou 3 anos atacando a governadora do estado do PT, chamando-a de incompetente, despreparada, acusou a governadora de ser um desastre na pandemia, chamava de tudo, s\u00f3 faltou chamar de arroz doce. <br \/>Por outro lado, o prefeito de Cear\u00e1 Mirim J\u00falio C\u00e9sar vivia rasgando elogios ao presidente Bolsonaro,declarando voto em Bolsonaro, postava fotos com ministros do governo federal como F\u00e1bio Faria e Rog\u00e9rio Marinho, era s\u00f3 elogios, s\u00f3 afagos. O prefeito J\u00falio C\u00e9sar chegou a ir para o lan\u00e7amento da pr\u00e9 campanha de F\u00e1bio Dantas, tirou fotos e declarou seu apoio na frente de todos os presentes.<br \/><\/figcaption><\/figure>\n\n\n\n<h2 class=\"wp-block-heading\">Do nada\u2026<\/h2>\n\n\n\n<p>A\u00ed vc ontem o prefeito postou uma foto com a governadora do PT, elogiando a governadora, declarando apoio nas elei\u00e7\u00f5es e dizendo que seu voto \u00e9 de LULA. <\/p>\n\n\n\n<h2 class=\"wp-block-heading\">Hist\u00f3rico de trai\u00e7\u00f5es <\/h2>\n\n\n\n<p>O prefeito de Cear\u00e1 Mirim tem fama de n\u00e3o cumprir seus compromissos, de trair alian\u00e7as e amigos. A pergunta que fica \u00e9, vai trair Robinson Faria que lhe deu sobreviv\u00eancia pol\u00edtica no DETRAN ? Vai trair Jair Bolsonaro que encheu Cear\u00e1 Mirim de dinheiro?  Vai trair F\u00e1bio Dantas onde participou do lan\u00e7amento da pr\u00e9 campanha? Vamos aguardar!<\/p>\n","protected":false},"excerpt":{"rendered":"<p>Do nada\u2026 A\u00ed vc ontem o prefeito postou uma foto com a governadora do PT, elogiando a governadora, declarando apoio [&hellip;]<\/p>\n","protected":false},"author":1,"featured_media":0,"comment_status":"open","ping_status":"open","sticky":false,"template":"","format":"standard","meta":{"site-sidebar-layout":"default","site-content-layout":"","ast-site-content-layout":"default","site-content-style":"default","site-sidebar-style":"default","ast-global-header-display":"","ast-banner-title-visibility":"","ast-main-header-display":"","ast-hfb-above-header-display":"","ast-hfb-below-header-display":"","ast-hfb-mobile-header-display":"","site-post-title":"","ast-breadcrumbs-content":"","ast-featured-img":"","footer-sml-layout":"","ast-disable-related-posts":"","theme-transparent-header-meta":"","adv-header-id-meta":"","stick-header-meta":"","header-above-stick-meta":"","header-main-stick-meta":"","header-below-stick-meta":"","astra-migrate-meta-layouts":"default","ast-page-background-enabled":"default","ast-page-background-meta":{"desktop":{"background-color":"var(--ast-global-color-4)","background-image":"","background-repeat":"repeat","background-position":"center center","background-size":"auto","background-attachment":"scroll","background-type":"","background-media":"","overlay-type":"","overlay-color":"","overlay-opacity":"","overlay-gradient":""},"tablet":{"background-color":"","background-image":"","background-repeat":"repeat","background-position":"center center","background-size":"auto","background-attachment":"scroll","background-type":"","background-media":"","overlay-type":"","overlay-color":"","overlay-opacity":"","overlay-gradient":""},"mobile":{"background-color":"","background-image":"","background-repeat":"repeat","background-position":"center center","background-size":"auto","background-attachment":"scroll","background-type":"","background-media":"","overlay-type":"","overlay-color":"","overlay-opacity":"","overlay-gradient":""}},"ast-content-background-meta":{"desktop":{"background-color":"var(--ast-global-color-5)","background-image":"","background-repeat":"repeat","background-position":"center center","background-size":"auto","background-attachment":"scroll","background-type":"","background-media":"","overlay-type":"","overlay-color":"","overlay-opacity":"","overlay-gradient":""},"tablet":{"background-color":"var(--ast-global-color-5)","background-image":"","background-repeat":"repeat","background-position":"center center","background-size":"auto","background-attachment":"scroll","background-type":"","background-media":"","overlay-type":"","overlay-color":"","overlay-opacity":"","overlay-gradient":""},"mobile":{"background-color":"var(--ast-global-color-5)","background-image":"","background-repeat":"repeat","background-position":"center center","background-size":"auto","background-attachment":"scroll","background-type":"","background-media":"","overlay-type":"","overlay-color":"","overlay-opacity":"","overlay-gradient":""}},"footnotes":""},"categories":[153],"tags":[8,978,980,622,365,979,610,50,417],"class_list":["post-8186","post","type-post","status-publish","format-standard","hentry","category-politica","tag-bolsonaro","tag-ceara-mirim","tag-detran","tag-fabio-dantas","tag-fabio-faria","tag-julio-cesar","tag-ministro-rogerio-marinho","tag-noticias-do-face","tag-traicao"],"_links":{"self":[{"href":"https:\/\/noticiasnoface.com.br\/index.php\/wp-json\/wp\/v2\/posts\/8186","targetHints":{"allow":["GET"]}}],"collection":[{"href":"https:\/\/noticiasnoface.com.br\/index.php\/wp-json\/wp\/v2\/posts"}],"about":[{"href":"https:\/\/noticiasnoface.com.br\/index.php\/wp-json\/wp\/v2\/types\/post"}],"author":[{"embeddable":true,"href":"https:\/\/noticiasnoface.com.br\/index.php\/wp-json\/wp\/v2\/users\/1"}],"replies":[{"embeddable":true,"href":"https:\/\/noticiasnoface.com.br\/index.php\/wp-json\/wp\/v2\/comments?post=8186"}],"version-history":[{"count":5,"href":"https:\/\/noticiasnoface.com.br\/index.php\/wp-json\/wp\/v2\/posts\/8186\/revisions"}],"predecessor-version":[{"id":8193,"href":"https:\/\/noticiasnoface.com.br\/index.php\/wp-json\/wp\/v2\/posts\/8186\/revisions\/8193"}],"wp:attachment":[{"href":"https:\/\/noticiasnoface.com.br\/index.php\/wp-json\/wp\/v2\/media?parent=8186"}],"wp:term":[{"taxonomy":"category","embeddable":true,"href":"https:\/\/noticiasnoface.com.br\/index.php\/wp-json\/wp\/v2\/categories?post=8186"},{"taxonomy":"post_tag","embeddable":true,"href":"https:\/\/noticiasnoface.com.br\/index.php\/wp-json\/wp\/v2\/tags?post=8186"}],"curies":[{"name":"wp","href":"https:\/\/api.w.org\/{rel}","templated":true}]}}